{"id":939,"date":"2024-03-14T22:09:40","date_gmt":"2024-03-14T22:09:40","guid":{"rendered":"https:\/\/www.compromiso.org.pe\/?p=939"},"modified":"2024-03-14T22:12:26","modified_gmt":"2024-03-14T22:12:26","slug":"feria-ecologica-del-proyecto-compromiso-verde","status":"publish","type":"post","link":"https:\/\/www.compromiso.org.pe\/es\/2024\/03\/14\/feria-ecologica-del-proyecto-compromiso-verde\/","title":{"rendered":"FERIA ECOL\u00d3GICA DEL PROYECTO COMPROMISO VERDE"},"content":{"rendered":"<p><img loading=\"lazy\" decoding=\"async\" class=\"aligncenter wp-image-941 size-medium\" src=\"https:\/\/www.compromiso.org.pe\/wp-content\/uploads\/2024\/03\/WhatsApp-Image-2024-03-14-at-16.46.39-scaled-e1710454122593-300x178.jpeg\" alt=\"\" width=\"300\" height=\"178\" \/><\/p>\n<p>El 16 de diciembre 2023 en las instalaciones de la empresa ORVISA CAT \u2013 Iquitos, se desarroll\u00f3 la Feria Ecol\u00f3gica en el marco del proyecto Compromiso Verde, ejecutado en alianza con la empresa ORVISA \u2013 CAT.<\/p>\n<p>La feria es la clausura de una serie de actividades desarrolladas a fin de sensibilizar y concientizar a j\u00f3venes estudiantes de secundaria de los colegios de Zungarococha, Varillal y Varillalito en la carretera Iquitos Nauta, sobre el adecuado manejo y disposici\u00f3n de los residuos s\u00f3lidos a trav\u00e9s de la reducci\u00f3n, reutilizaci\u00f3n y reciclaje de materiales desechables a fin de darle utilidad y valor agregado.<\/p>\n<p><img loading=\"lazy\" decoding=\"async\" class=\"alignnone size-medium wp-image-943\" src=\"https:\/\/www.compromiso.org.pe\/wp-content\/uploads\/2024\/03\/WhatsApp-Image-2024-03-14-at-16.46.37-225x300.jpeg\" alt=\"\" width=\"225\" height=\"300\" \/> <img loading=\"lazy\" decoding=\"async\" class=\"alignnone size-medium wp-image-942\" src=\"https:\/\/www.compromiso.org.pe\/wp-content\/uploads\/2024\/03\/WhatsApp-Image-2024-03-14-at-16.46.38-225x300.jpeg\" alt=\"\" width=\"225\" height=\"300\" \/> <img loading=\"lazy\" decoding=\"async\" class=\"alignnone size-medium wp-image-940\" src=\"https:\/\/www.compromiso.org.pe\/wp-content\/uploads\/2024\/03\/WhatsApp-Image-2024-03-14-at-16.46.39-1-225x300.jpeg\" alt=\"\" width=\"225\" height=\"300\" \/><\/p>\n<p>Durante esta actividad se premiaron a los siguientes grupos de estudiantes:<\/p>\n<table style=\"height: 332px;\" width=\"784\">\n<tbody>\n<tr>\n<td style=\"width: 75.2031px; text-align: center;\"><strong>Lugar<\/strong><\/td>\n<td style=\"width: 248.641px; text-align: center;\"><strong>Grupos ganadores<\/strong><\/td>\n<td style=\"width: 204.531px; text-align: center;\"><strong>Premios<\/strong><\/td>\n<td style=\"width: 227.625px; text-align: center;\"><strong>Productos elaborados<\/strong><\/td>\n<\/tr>\n<tr>\n<td style=\"width: 75.2031px;\"><strong>1\u00ba Lugar<\/strong><\/td>\n<td style=\"width: 248.641px;\">Protectores del Medio Ambiente. Z\u00fangarococha<\/td>\n<td style=\"width: 204.531px;\">Tablet para cada estudiante<\/td>\n<td style=\"width: 227.625px;\">Calendarios, agendas, adornos colgantes, l\u00e1mparas de papel.<\/td>\n<\/tr>\n<tr>\n<td style=\"width: 75.2031px;\"><strong>2\u00ba Lugar<\/strong><\/td>\n<td style=\"width: 248.641px;\">Maravillas en el reciclaje. Varillalito.<\/td>\n<td style=\"width: 204.531px;\">Vales por 170 soles para comprar zapatos\/ropa<\/td>\n<td style=\"width: 227.625px;\">Tapavasos, bisuter\u00eda y cartucheras de bolsas de pl\u00e1stico<\/td>\n<\/tr>\n<tr>\n<td style=\"width: 75.2031px;\"><strong>3\u00ba Lugar<\/strong><\/td>\n<td style=\"width: 248.641px;\">Una Chispa de Creatividad. Varillalito.<\/td>\n<td style=\"width: 204.531px;\">Vales por 120 soles para comprar \u00fatiles escolares<\/td>\n<td style=\"width: 227.625px;\">Morrales, flores, llaveros, espejos decorados, bolsos con pretina elaborados con bolsas de pl\u00e1stico.<\/td>\n<\/tr>\n<\/tbody>\n<\/table>","protected":false},"excerpt":{"rendered":"<p>El 16 de diciembre 2023 en las instalaciones de la empresa ORVISA CAT \u2013 Iquitos, se desarroll\u00f3 la Feria Ecol\u00f3gica en el marco del proyecto Compromiso Verde, ejecutado en alianza con la empresa ORVISA \u2013 CAT. La feria es la clausura de una serie de actividades desarrolladas a fin de sensibilizar y concientizar a j\u00f3venes [&hellip;]<\/p>\n","protected":false},"author":2,"featured_media":941,"comment_status":"closed","ping_status":"closed","sticky":false,"template":"","format":"standard","meta":{"_et_pb_use_builder":"","_et_pb_old_content":"","_et_gb_content_width":"","footnotes":""},"categories":[5],"tags":[],"class_list":["post-939","post","type-post","status-publish","format-standard","has-post-thumbnail","hentry","category-news"],"_links":{"self":[{"href":"https:\/\/www.compromiso.org.pe\/es\/wp-json\/wp\/v2\/posts\/939","targetHints":{"allow":["GET"]}}],"collection":[{"href":"https:\/\/www.compromiso.org.pe\/es\/wp-json\/wp\/v2\/posts"}],"about":[{"href":"https:\/\/www.compromiso.org.pe\/es\/wp-json\/wp\/v2\/types\/post"}],"author":[{"embeddable":true,"href":"https:\/\/www.compromiso.org.pe\/es\/wp-json\/wp\/v2\/users\/2"}],"replies":[{"embeddable":true,"href":"https:\/\/www.compromiso.org.pe\/es\/wp-json\/wp\/v2\/comments?post=939"}],"version-history":[{"count":2,"href":"https:\/\/www.compromiso.org.pe\/es\/wp-json\/wp\/v2\/posts\/939\/revisions"}],"predecessor-version":[{"id":948,"href":"https:\/\/www.compromiso.org.pe\/es\/wp-json\/wp\/v2\/posts\/939\/revisions\/948"}],"wp:featuredmedia":[{"embeddable":true,"href":"https:\/\/www.compromiso.org.pe\/es\/wp-json\/wp\/v2\/media\/941"}],"wp:attachment":[{"href":"https:\/\/www.compromiso.org.pe\/es\/wp-json\/wp\/v2\/media?parent=939"}],"wp:term":[{"taxonomy":"category","embeddable":true,"href":"https:\/\/www.compromiso.org.pe\/es\/wp-json\/wp\/v2\/categories?post=939"},{"taxonomy":"post_tag","embeddable":true,"href":"https:\/\/www.compromiso.org.pe\/es\/wp-json\/wp\/v2\/tags?post=939"}],"curies":[{"name":"wp","href":"https:\/\/api.w.org\/{rel}","templated":true}]}}