{"id":925,"date":"2024-03-14T21:12:06","date_gmt":"2024-03-14T21:12:06","guid":{"rendered":"https:\/\/www.compromiso.org.pe\/?p=925"},"modified":"2024-03-14T21:12:06","modified_gmt":"2024-03-14T21:12:06","slug":"visita-de-representantes-de-la-fundacion-buitenveldert","status":"publish","type":"post","link":"https:\/\/www.compromiso.org.pe\/es\/2024\/03\/14\/visita-de-representantes-de-la-fundacion-buitenveldert\/","title":{"rendered":"VISITA DE REPRESENTANTES DE LA FUNDACION BUITENVELDERT"},"content":{"rendered":"<p class=\"MsoNormal\"><span lang=\"ES-MX\"><img loading=\"lazy\" decoding=\"async\" class=\"size-medium wp-image-927 aligncenter\" src=\"https:\/\/www.compromiso.org.pe\/wp-content\/uploads\/2024\/03\/FOTO-N1.2-300x225.jpeg\" alt=\"\" width=\"300\" height=\"225\" \/><\/span><\/p>\n<p class=\"MsoNormal\"><span lang=\"ES-MX\">Del 12 al 14 de noviembre tuvimos la grata visita de los Sres. Peter Hesp y Huub <\/span><span lang=\"ES-PE\" style=\"mso-ansi-language: ES-PE;\">Wilhelmus <\/span><span lang=\"ES-MX\">representantes de la Fundaci\u00f3n Buitenveldert a nuestro proyecto Bancos Comunales en la Amazon\u00eda peruana.<\/span><\/p>\n<p class=\"MsoNormal\" style=\"text-align: justify; text-justify: inter-ideograph;\"><span lang=\"ES-PE\" style=\"mso-ansi-language: ES-PE;\">Tuvimos la oportunidad de exponer los avances y retos del proyecto en un marco socioecon\u00f3mico complejo para las familias en la Amazon\u00eda, debido al incremento de los negocios de subsistencia post pandemia y al incremento de la tasa de desempleo en la regi\u00f3n.<\/span><\/p>\n<p class=\"MsoNormal\" style=\"text-align: justify; text-justify: inter-ideograph;\"><img loading=\"lazy\" decoding=\"async\" class=\"size-medium wp-image-926 aligncenter\" src=\"https:\/\/www.compromiso.org.pe\/wp-content\/uploads\/2024\/03\/FOTO-N1.1-300x225.jpeg\" alt=\"\" width=\"300\" height=\"225\" \/><\/p>\n<p class=\"MsoNormal\" style=\"text-align: justify; text-justify: inter-ideograph;\"><span lang=\"ES-MX\">Estamos muy agradecido con la fundaci\u00f3n por su aporte al proyecto Bancos Comunales y por renovar la esperanza de las familias Loretanas en la Amazon\u00eda de un futuro sostenible en sentido econ\u00f3mico para sus familias.<\/span><\/p>\n<p>\u00a0\u00a0<img loading=\"lazy\" decoding=\"async\" class=\"size-medium wp-image-928 aligncenter\" src=\"https:\/\/www.compromiso.org.pe\/wp-content\/uploads\/2024\/03\/FOTO-N1.3-300x225.jpeg\" alt=\"\" width=\"300\" height=\"225\" \/><\/p>","protected":false},"excerpt":{"rendered":"<p>Del 12 al 14 de noviembre tuvimos la grata visita de los Sres. Peter Hesp y Huub Wilhelmus representantes de la Fundaci\u00f3n Buitenveldert a nuestro proyecto Bancos Comunales en la Amazon\u00eda peruana. Tuvimos la oportunidad de exponer los avances y retos del proyecto en un marco socioecon\u00f3mico complejo para las familias en la Amazon\u00eda, debido [&hellip;]<\/p>\n","protected":false},"author":2,"featured_media":928,"comment_status":"closed","ping_status":"closed","sticky":false,"template":"","format":"standard","meta":{"_et_pb_use_builder":"","_et_pb_old_content":"","_et_gb_content_width":"","footnotes":""},"categories":[5],"tags":[],"class_list":["post-925","post","type-post","status-publish","format-standard","has-post-thumbnail","hentry","category-news"],"_links":{"self":[{"href":"https:\/\/www.compromiso.org.pe\/es\/wp-json\/wp\/v2\/posts\/925","targetHints":{"allow":["GET"]}}],"collection":[{"href":"https:\/\/www.compromiso.org.pe\/es\/wp-json\/wp\/v2\/posts"}],"about":[{"href":"https:\/\/www.compromiso.org.pe\/es\/wp-json\/wp\/v2\/types\/post"}],"author":[{"embeddable":true,"href":"https:\/\/www.compromiso.org.pe\/es\/wp-json\/wp\/v2\/users\/2"}],"replies":[{"embeddable":true,"href":"https:\/\/www.compromiso.org.pe\/es\/wp-json\/wp\/v2\/comments?post=925"}],"version-history":[{"count":1,"href":"https:\/\/www.compromiso.org.pe\/es\/wp-json\/wp\/v2\/posts\/925\/revisions"}],"predecessor-version":[{"id":929,"href":"https:\/\/www.compromiso.org.pe\/es\/wp-json\/wp\/v2\/posts\/925\/revisions\/929"}],"wp:featuredmedia":[{"embeddable":true,"href":"https:\/\/www.compromiso.org.pe\/es\/wp-json\/wp\/v2\/media\/928"}],"wp:attachment":[{"href":"https:\/\/www.compromiso.org.pe\/es\/wp-json\/wp\/v2\/media?parent=925"}],"wp:term":[{"taxonomy":"category","embeddable":true,"href":"https:\/\/www.compromiso.org.pe\/es\/wp-json\/wp\/v2\/categories?post=925"},{"taxonomy":"post_tag","embeddable":true,"href":"https:\/\/www.compromiso.org.pe\/es\/wp-json\/wp\/v2\/tags?post=925"}],"curies":[{"name":"wp","href":"https:\/\/api.w.org\/{rel}","templated":true}]}}